{"id":1813,"date":"2023-06-12T08:39:49","date_gmt":"2023-06-12T06:39:49","guid":{"rendered":"https:\/\/otto-spaleck-stiftung.de\/?p=1813"},"modified":"2023-06-12T08:49:01","modified_gmt":"2023-06-12T06:49:01","slug":"campus-day-2022-at-the-westphalian-university-of-applied-sciences-bocholt","status":"publish","type":"post","link":"https:\/\/otto-spaleck-stiftung.de\/en\/campus-day-2022-at-the-westphalian-university-of-applied-sciences-bocholt\/","title":{"rendered":"Campus Day 2022 at the Westphalian University of Applied Sciences Bocholt"},"content":{"rendered":"\t\t<div data-elementor-type=\"wp-post\" data-elementor-id=\"1813\" class=\"elementor elementor-1813\">\n\t\t\t\t\t\t<div class=\"elementor-inner\">\n\t\t\t\t<div class=\"elementor-section-wrap\">\n\t\t\t\t\t\t\t\t\t<section data-particle_enable=\"false\" data-particle-mobile-disabled=\"false\" class=\"elementor-section elementor-top-section elementor-element elementor-element-ca2eb0b elementor-section-boxed elementor-section-height-default elementor-section-height-default\" data-id=\"ca2eb0b\" data-element_type=\"section\">\n\t\t\t\t\t\t<div class=\"elementor-container elementor-column-gap-default\">\n\t\t\t\t\t\t\t<div class=\"elementor-row\">\n\t\t\t\t\t<div class=\"elementor-column elementor-col-100 elementor-top-column elementor-element elementor-element-d04b6b3\" data-id=\"d04b6b3\" data-element_type=\"column\">\n\t\t\t<div class=\"elementor-column-wrap elementor-element-populated\">\n\t\t\t\t\t\t\t<div class=\"elementor-widget-wrap\">\n\t\t\t\t\t\t<div class=\"elementor-element elementor-element-44d9fc5 elementor-widget elementor-widget-text-editor\" data-id=\"44d9fc5\" data-element_type=\"widget\" data-widget_type=\"text-editor.default\">\n\t\t\t\t<div class=\"elementor-widget-container\">\n\t\t\t\t\t\t\t\t<div class=\"elementor-text-editor elementor-clearfix\">\n\t\t\t\t<p>As part of the celebrations for the 800th anniversary of the city of Bocholt, the Westphalian University opened its doors to prospective students and citizens on 21 May 2022. With the support of the Otto-Spaleck-Stiftung, an exciting supporting programme was put together. The WHS presented its study programmes in exctiting lectures and hands-on activities, and professors were available to answer questions from all interested visitors.&nbsp;<\/p>\n<p>But there was not only a lot to experience for those interested in studying. The parking spot of the Bocholt Campus was transformed into a 1,500 square meter beach area, the &#8220;Radio WMW Campusbeach&#8221;. Here you could enjoy the evening in cosy beach furniture with suitable music or relax on a pedal boat around the university. Various caterers from Bocholt took care of the physical well-being and rounded off the offer.<\/p>\t\t\t\t\t<\/div>\n\t\t\t\t\t\t<\/div>\n\t\t\t\t<\/div>\n\t\t\t\t\t\t<\/div>\n\t\t\t\t\t<\/div>\n\t\t<\/div>\n\t\t\t\t\t\t\t\t<\/div>\n\t\t\t\t\t<\/div>\n\t\t<\/section>\n\t\t\t\t<section data-particle_enable=\"false\" data-particle-mobile-disabled=\"false\" class=\"elementor-section elementor-top-section elementor-element elementor-element-ca4c487 elementor-section-boxed elementor-section-height-default elementor-section-height-default\" data-id=\"ca4c487\" data-element_type=\"section\">\n\t\t\t\t\t\t<div class=\"elementor-container elementor-column-gap-default\">\n\t\t\t\t\t\t\t<div class=\"elementor-row\">\n\t\t\t\t\t<div class=\"elementor-column elementor-col-100 elementor-top-column elementor-element elementor-element-3aa86bb\" data-id=\"3aa86bb\" data-element_type=\"column\">\n\t\t\t<div class=\"elementor-column-wrap elementor-element-populated\">\n\t\t\t\t\t\t\t<div class=\"elementor-widget-wrap\">\n\t\t\t\t\t\t<div class=\"elementor-element elementor-element-7accf6d dce_masking-none elementor-widget elementor-widget-image\" data-id=\"7accf6d\" data-element_type=\"widget\" data-widget_type=\"image.default\">\n\t\t\t\t<div class=\"elementor-widget-container\">\n\t\t\t\t\t\t\t\t<div class=\"elementor-image\">\n\t\t\t\t\t\t\t\t\t<figure class=\"wp-caption\">\n\t\t\t\t\t\t\t\t\t\t<img width=\"800\" height=\"534\" src=\"https:\/\/otto-spaleck-stiftung.de\/wp-content\/uploads\/2023\/01\/Campus-Beach_21.05.2022-25-1024x683.jpg\" class=\"attachment-large size-large\" alt=\"Campustag zum 800. Bocholter Stadtjubil\u00e4um\" srcset=\"https:\/\/otto-spaleck-stiftung.de\/wp-content\/uploads\/2023\/01\/Campus-Beach_21.05.2022-25-1024x683.jpg 1024w, https:\/\/otto-spaleck-stiftung.de\/wp-content\/uploads\/2023\/01\/Campus-Beach_21.05.2022-25-300x200.jpg 300w, https:\/\/otto-spaleck-stiftung.de\/wp-content\/uploads\/2023\/01\/Campus-Beach_21.05.2022-25-768x512.jpg 768w, https:\/\/otto-spaleck-stiftung.de\/wp-content\/uploads\/2023\/01\/Campus-Beach_21.05.2022-25-1536x1024.jpg 1536w, https:\/\/otto-spaleck-stiftung.de\/wp-content\/uploads\/2023\/01\/Campus-Beach_21.05.2022-25-2048x1365.jpg 2048w\" sizes=\"(max-width: 800px) 100vw, 800px\" \/>\t\t\t\t\t\t\t\t\t\t\t<figcaption class=\"widget-image-caption wp-caption-text\">(C) Westf\u00e4lische Hochschule<\/figcaption>\n\t\t\t\t\t\t\t\t\t\t<\/figure>\n\t\t\t\t\t\t\t\t<\/div>\n\t\t\t\t\t\t<\/div>\n\t\t\t\t<\/div>\n\t\t\t\t\t\t<\/div>\n\t\t\t\t\t<\/div>\n\t\t<\/div>\n\t\t\t\t\t\t\t\t<\/div>\n\t\t\t\t\t<\/div>\n\t\t<\/section>\n\t\t\t\t\t\t\t\t\t<\/div>\n\t\t\t<\/div>\n\t\t\t\t\t<\/div>\n\t\t","protected":false},"excerpt":{"rendered":"<p>As part of the celebrations for the 800th anniversary of the city of Bocholt, the Westphalian University opened its doors to prospective students and citizens on 21 May 2022. With the support of the Otto-Spaleck-Stiftung, an exciting supporting programme was put together. The WHS presented its study programmes in exctiting lectures and hands-on activities, and [&hellip;]<\/p>\n","protected":false},"author":7,"featured_media":1714,"comment_status":"open","ping_status":"open","sticky":false,"template":"","format":"standard","meta":[],"categories":[10],"tags":[],"yoast_head":"<!-- This site is optimized with the Yoast SEO plugin v19.6.1 - https:\/\/yoast.com\/wordpress\/plugins\/seo\/ -->\n<title>Campustag an der Westf\u00e4lischen Hochschule | Otto-Spaleck-Stiftung<\/title>\n<meta name=\"description\" content=\"Die Otto-Spaleck-Stiftung hat die Westf\u00e4lische Hochschule bei der Organisation des Camputages aktiv unterst\u00fctzt.\" \/>\n<meta name=\"robots\" content=\"index, follow, max-snippet:-1, max-image-preview:large, max-video-preview:-1\" \/>\n<link rel=\"canonical\" href=\"https:\/\/otto-spaleck-stiftung.de\/en\/campus-day-2022-at-the-westphalian-university-of-applied-sciences-bocholt\/\" \/>\n<meta property=\"og:locale\" content=\"en_US\" \/>\n<meta property=\"og:type\" content=\"article\" \/>\n<meta property=\"og:title\" content=\"Campustag an der Westf\u00e4lischen Hochschule | Otto-Spaleck-Stiftung\" \/>\n<meta property=\"og:description\" content=\"Die Otto-Spaleck-Stiftung hat die Westf\u00e4lische Hochschule bei der Organisation des Camputages aktiv unterst\u00fctzt.\" \/>\n<meta property=\"og:url\" content=\"https:\/\/otto-spaleck-stiftung.de\/en\/campus-day-2022-at-the-westphalian-university-of-applied-sciences-bocholt\/\" \/>\n<meta property=\"og:site_name\" content=\"Otto Spaleck Stiftung\" \/>\n<meta property=\"article:published_time\" content=\"2023-06-12T06:39:49+00:00\" \/>\n<meta property=\"article:modified_time\" content=\"2023-06-12T06:49:01+00:00\" \/>\n<meta property=\"og:image\" content=\"https:\/\/otto-spaleck-stiftung.de\/wp-content\/uploads\/2023\/01\/Campus-Beach_21.05.2022-25_klein.jpg\" \/>\n\t<meta property=\"og:image:width\" content=\"367\" \/>\n\t<meta property=\"og:image:height\" content=\"292\" \/>\n\t<meta property=\"og:image:type\" content=\"image\/jpeg\" \/>\n<meta name=\"author\" content=\"Iris Stenkamp\" \/>\n<meta name=\"twitter:card\" content=\"summary_large_image\" \/>\n<meta name=\"twitter:label1\" content=\"Written by\" \/>\n\t<meta name=\"twitter:data1\" content=\"Iris Stenkamp\" \/>\n\t<meta name=\"twitter:label2\" content=\"Est. reading time\" \/>\n\t<meta name=\"twitter:data2\" content=\"1 minute\" \/>\n<script type=\"application\/ld+json\" class=\"yoast-schema-graph\">{\"@context\":\"https:\/\/schema.org\",\"@graph\":[{\"@type\":\"Article\",\"@id\":\"https:\/\/otto-spaleck-stiftung.de\/en\/campus-day-2022-at-the-westphalian-university-of-applied-sciences-bocholt\/#article\",\"isPartOf\":{\"@id\":\"https:\/\/otto-spaleck-stiftung.de\/en\/campus-day-2022-at-the-westphalian-university-of-applied-sciences-bocholt\/\"},\"author\":{\"name\":\"Iris Stenkamp\",\"@id\":\"https:\/\/otto-spaleck-stiftung.de\/nl\/#\/schema\/person\/75cc53233548875f80c0bd5e094b1723\"},\"headline\":\"Campus Day 2022 at the Westphalian University of Applied Sciences Bocholt\",\"datePublished\":\"2023-06-12T06:39:49+00:00\",\"dateModified\":\"2023-06-12T06:49:01+00:00\",\"mainEntityOfPage\":{\"@id\":\"https:\/\/otto-spaleck-stiftung.de\/en\/campus-day-2022-at-the-westphalian-university-of-applied-sciences-bocholt\/\"},\"wordCount\":148,\"commentCount\":0,\"publisher\":{\"@id\":\"https:\/\/otto-spaleck-stiftung.de\/nl\/#organization\"},\"inLanguage\":\"en-US\",\"potentialAction\":[{\"@type\":\"CommentAction\",\"name\":\"Comment\",\"target\":[\"https:\/\/otto-spaleck-stiftung.de\/en\/campus-day-2022-at-the-westphalian-university-of-applied-sciences-bocholt\/#respond\"]}]},{\"@type\":\"WebPage\",\"@id\":\"https:\/\/otto-spaleck-stiftung.de\/en\/campus-day-2022-at-the-westphalian-university-of-applied-sciences-bocholt\/\",\"url\":\"https:\/\/otto-spaleck-stiftung.de\/en\/campus-day-2022-at-the-westphalian-university-of-applied-sciences-bocholt\/\",\"name\":\"Campustag an der Westf\u00e4lischen Hochschule | Otto-Spaleck-Stiftung\",\"isPartOf\":{\"@id\":\"https:\/\/otto-spaleck-stiftung.de\/nl\/#website\"},\"datePublished\":\"2023-06-12T06:39:49+00:00\",\"dateModified\":\"2023-06-12T06:49:01+00:00\",\"description\":\"Die Otto-Spaleck-Stiftung hat die Westf\u00e4lische Hochschule bei der Organisation des Camputages aktiv unterst\u00fctzt.\",\"breadcrumb\":{\"@id\":\"https:\/\/otto-spaleck-stiftung.de\/en\/campus-day-2022-at-the-westphalian-university-of-applied-sciences-bocholt\/#breadcrumb\"},\"inLanguage\":\"en-US\",\"potentialAction\":[{\"@type\":\"ReadAction\",\"target\":[\"https:\/\/otto-spaleck-stiftung.de\/en\/campus-day-2022-at-the-westphalian-university-of-applied-sciences-bocholt\/\"]}]},{\"@type\":\"BreadcrumbList\",\"@id\":\"https:\/\/otto-spaleck-stiftung.de\/en\/campus-day-2022-at-the-westphalian-university-of-applied-sciences-bocholt\/#breadcrumb\",\"itemListElement\":[{\"@type\":\"ListItem\",\"position\":1,\"name\":\"Startseite\",\"item\":\"https:\/\/otto-spaleck-stiftung.de\/en\/\"},{\"@type\":\"ListItem\",\"position\":2,\"name\":\"Campus Day 2022 at the Westphalian University of Applied Sciences Bocholt\"}]},{\"@type\":\"WebSite\",\"@id\":\"https:\/\/otto-spaleck-stiftung.de\/nl\/#website\",\"url\":\"https:\/\/otto-spaleck-stiftung.de\/nl\/\",\"name\":\"Otto Spaleck Stiftung\",\"description\":\"\",\"publisher\":{\"@id\":\"https:\/\/otto-spaleck-stiftung.de\/nl\/#organization\"},\"potentialAction\":[{\"@type\":\"SearchAction\",\"target\":{\"@type\":\"EntryPoint\",\"urlTemplate\":\"https:\/\/otto-spaleck-stiftung.de\/nl\/?s={search_term_string}\"},\"query-input\":\"required name=search_term_string\"}],\"inLanguage\":\"en-US\"},{\"@type\":\"Organization\",\"@id\":\"https:\/\/otto-spaleck-stiftung.de\/nl\/#organization\",\"name\":\"Otto Spaleck Stiftung\",\"url\":\"https:\/\/otto-spaleck-stiftung.de\/nl\/\",\"sameAs\":[],\"logo\":{\"@type\":\"ImageObject\",\"inLanguage\":\"en-US\",\"@id\":\"https:\/\/otto-spaleck-stiftung.de\/nl\/#\/schema\/logo\/image\/\",\"url\":\"https:\/\/otto-spaleck-stiftung.de\/wp-content\/uploads\/2021\/02\/cropped-logo_header.png\",\"contentUrl\":\"https:\/\/otto-spaleck-stiftung.de\/wp-content\/uploads\/2021\/02\/cropped-logo_header.png\",\"width\":467,\"height\":185,\"caption\":\"Otto Spaleck Stiftung\"},\"image\":{\"@id\":\"https:\/\/otto-spaleck-stiftung.de\/nl\/#\/schema\/logo\/image\/\"}},{\"@type\":\"Person\",\"@id\":\"https:\/\/otto-spaleck-stiftung.de\/nl\/#\/schema\/person\/75cc53233548875f80c0bd5e094b1723\",\"name\":\"Iris Stenkamp\",\"image\":{\"@type\":\"ImageObject\",\"inLanguage\":\"en-US\",\"@id\":\"https:\/\/otto-spaleck-stiftung.de\/nl\/#\/schema\/person\/image\/\",\"url\":\"https:\/\/secure.gravatar.com\/avatar\/f61626de484f657f0e4f26cf5a0359cf?s=96&d=mm&r=g\",\"contentUrl\":\"https:\/\/secure.gravatar.com\/avatar\/f61626de484f657f0e4f26cf5a0359cf?s=96&d=mm&r=g\",\"caption\":\"Iris Stenkamp\"},\"url\":\"https:\/\/otto-spaleck-stiftung.de\/en\/author\/iris-stenkamp\/\"}]}<\/script>\n<!-- \/ Yoast SEO plugin. -->","yoast_head_json":{"title":"Campustag an der Westf\u00e4lischen Hochschule | Otto-Spaleck-Stiftung","description":"Die Otto-Spaleck-Stiftung hat die Westf\u00e4lische Hochschule bei der Organisation des Camputages aktiv unterst\u00fctzt.","robots":{"index":"index","follow":"follow","max-snippet":"max-snippet:-1","max-image-preview":"max-image-preview:large","max-video-preview":"max-video-preview:-1"},"canonical":"https:\/\/otto-spaleck-stiftung.de\/en\/campus-day-2022-at-the-westphalian-university-of-applied-sciences-bocholt\/","og_locale":"en_US","og_type":"article","og_title":"Campustag an der Westf\u00e4lischen Hochschule | Otto-Spaleck-Stiftung","og_description":"Die Otto-Spaleck-Stiftung hat die Westf\u00e4lische Hochschule bei der Organisation des Camputages aktiv unterst\u00fctzt.","og_url":"https:\/\/otto-spaleck-stiftung.de\/en\/campus-day-2022-at-the-westphalian-university-of-applied-sciences-bocholt\/","og_site_name":"Otto Spaleck Stiftung","article_published_time":"2023-06-12T06:39:49+00:00","article_modified_time":"2023-06-12T06:49:01+00:00","og_image":[{"width":367,"height":292,"url":"https:\/\/otto-spaleck-stiftung.de\/wp-content\/uploads\/2023\/01\/Campus-Beach_21.05.2022-25_klein.jpg","type":"image\/jpeg"}],"author":"Iris Stenkamp","twitter_card":"summary_large_image","twitter_misc":{"Written by":"Iris Stenkamp","Est. reading time":"1 minute"},"schema":{"@context":"https:\/\/schema.org","@graph":[{"@type":"Article","@id":"https:\/\/otto-spaleck-stiftung.de\/en\/campus-day-2022-at-the-westphalian-university-of-applied-sciences-bocholt\/#article","isPartOf":{"@id":"https:\/\/otto-spaleck-stiftung.de\/en\/campus-day-2022-at-the-westphalian-university-of-applied-sciences-bocholt\/"},"author":{"name":"Iris Stenkamp","@id":"https:\/\/otto-spaleck-stiftung.de\/nl\/#\/schema\/person\/75cc53233548875f80c0bd5e094b1723"},"headline":"Campus Day 2022 at the Westphalian University of Applied Sciences Bocholt","datePublished":"2023-06-12T06:39:49+00:00","dateModified":"2023-06-12T06:49:01+00:00","mainEntityOfPage":{"@id":"https:\/\/otto-spaleck-stiftung.de\/en\/campus-day-2022-at-the-westphalian-university-of-applied-sciences-bocholt\/"},"wordCount":148,"commentCount":0,"publisher":{"@id":"https:\/\/otto-spaleck-stiftung.de\/nl\/#organization"},"inLanguage":"en-US","potentialAction":[{"@type":"CommentAction","name":"Comment","target":["https:\/\/otto-spaleck-stiftung.de\/en\/campus-day-2022-at-the-westphalian-university-of-applied-sciences-bocholt\/#respond"]}]},{"@type":"WebPage","@id":"https:\/\/otto-spaleck-stiftung.de\/en\/campus-day-2022-at-the-westphalian-university-of-applied-sciences-bocholt\/","url":"https:\/\/otto-spaleck-stiftung.de\/en\/campus-day-2022-at-the-westphalian-university-of-applied-sciences-bocholt\/","name":"Campustag an der Westf\u00e4lischen Hochschule | Otto-Spaleck-Stiftung","isPartOf":{"@id":"https:\/\/otto-spaleck-stiftung.de\/nl\/#website"},"datePublished":"2023-06-12T06:39:49+00:00","dateModified":"2023-06-12T06:49:01+00:00","description":"Die Otto-Spaleck-Stiftung hat die Westf\u00e4lische Hochschule bei der Organisation des Camputages aktiv unterst\u00fctzt.","breadcrumb":{"@id":"https:\/\/otto-spaleck-stiftung.de\/en\/campus-day-2022-at-the-westphalian-university-of-applied-sciences-bocholt\/#breadcrumb"},"inLanguage":"en-US","potentialAction":[{"@type":"ReadAction","target":["https:\/\/otto-spaleck-stiftung.de\/en\/campus-day-2022-at-the-westphalian-university-of-applied-sciences-bocholt\/"]}]},{"@type":"BreadcrumbList","@id":"https:\/\/otto-spaleck-stiftung.de\/en\/campus-day-2022-at-the-westphalian-university-of-applied-sciences-bocholt\/#breadcrumb","itemListElement":[{"@type":"ListItem","position":1,"name":"Startseite","item":"https:\/\/otto-spaleck-stiftung.de\/en\/"},{"@type":"ListItem","position":2,"name":"Campus Day 2022 at the Westphalian University of Applied Sciences Bocholt"}]},{"@type":"WebSite","@id":"https:\/\/otto-spaleck-stiftung.de\/nl\/#website","url":"https:\/\/otto-spaleck-stiftung.de\/nl\/","name":"Otto Spaleck Stiftung","description":"","publisher":{"@id":"https:\/\/otto-spaleck-stiftung.de\/nl\/#organization"},"potentialAction":[{"@type":"SearchAction","target":{"@type":"EntryPoint","urlTemplate":"https:\/\/otto-spaleck-stiftung.de\/nl\/?s={search_term_string}"},"query-input":"required name=search_term_string"}],"inLanguage":"en-US"},{"@type":"Organization","@id":"https:\/\/otto-spaleck-stiftung.de\/nl\/#organization","name":"Otto Spaleck Stiftung","url":"https:\/\/otto-spaleck-stiftung.de\/nl\/","sameAs":[],"logo":{"@type":"ImageObject","inLanguage":"en-US","@id":"https:\/\/otto-spaleck-stiftung.de\/nl\/#\/schema\/logo\/image\/","url":"https:\/\/otto-spaleck-stiftung.de\/wp-content\/uploads\/2021\/02\/cropped-logo_header.png","contentUrl":"https:\/\/otto-spaleck-stiftung.de\/wp-content\/uploads\/2021\/02\/cropped-logo_header.png","width":467,"height":185,"caption":"Otto Spaleck Stiftung"},"image":{"@id":"https:\/\/otto-spaleck-stiftung.de\/nl\/#\/schema\/logo\/image\/"}},{"@type":"Person","@id":"https:\/\/otto-spaleck-stiftung.de\/nl\/#\/schema\/person\/75cc53233548875f80c0bd5e094b1723","name":"Iris Stenkamp","image":{"@type":"ImageObject","inLanguage":"en-US","@id":"https:\/\/otto-spaleck-stiftung.de\/nl\/#\/schema\/person\/image\/","url":"https:\/\/secure.gravatar.com\/avatar\/f61626de484f657f0e4f26cf5a0359cf?s=96&d=mm&r=g","contentUrl":"https:\/\/secure.gravatar.com\/avatar\/f61626de484f657f0e4f26cf5a0359cf?s=96&d=mm&r=g","caption":"Iris Stenkamp"},"url":"https:\/\/otto-spaleck-stiftung.de\/en\/author\/iris-stenkamp\/"}]}},"_links":{"self":[{"href":"https:\/\/otto-spaleck-stiftung.de\/en\/wp-json\/wp\/v2\/posts\/1813"}],"collection":[{"href":"https:\/\/otto-spaleck-stiftung.de\/en\/wp-json\/wp\/v2\/posts"}],"about":[{"href":"https:\/\/otto-spaleck-stiftung.de\/en\/wp-json\/wp\/v2\/types\/post"}],"author":[{"embeddable":true,"href":"https:\/\/otto-spaleck-stiftung.de\/en\/wp-json\/wp\/v2\/users\/7"}],"replies":[{"embeddable":true,"href":"https:\/\/otto-spaleck-stiftung.de\/en\/wp-json\/wp\/v2\/comments?post=1813"}],"version-history":[{"count":7,"href":"https:\/\/otto-spaleck-stiftung.de\/en\/wp-json\/wp\/v2\/posts\/1813\/revisions"}],"predecessor-version":[{"id":1821,"href":"https:\/\/otto-spaleck-stiftung.de\/en\/wp-json\/wp\/v2\/posts\/1813\/revisions\/1821"}],"wp:featuredmedia":[{"embeddable":true,"href":"https:\/\/otto-spaleck-stiftung.de\/en\/wp-json\/wp\/v2\/media\/1714"}],"wp:attachment":[{"href":"https:\/\/otto-spaleck-stiftung.de\/en\/wp-json\/wp\/v2\/media?parent=1813"}],"wp:term":[{"taxonomy":"category","embeddable":true,"href":"https:\/\/otto-spaleck-stiftung.de\/en\/wp-json\/wp\/v2\/categories?post=1813"},{"taxonomy":"post_tag","embeddable":true,"href":"https:\/\/otto-spaleck-stiftung.de\/en\/wp-json\/wp\/v2\/tags?post=1813"}],"curies":[{"name":"wp","href":"https:\/\/api.w.org\/{rel}","templated":true}]}}